{"id":1645,"date":"2014-03-28T13:21:02","date_gmt":"2014-03-28T13:21:02","guid":{"rendered":"https:\/\/www.cineramaboulevard.com\/?p=1645"},"modified":"2017-10-12T12:35:12","modified_gmt":"2017-10-12T12:35:12","slug":"12a-edizione-del-baff","status":"publish","type":"post","link":"https:\/\/www.cineramaboulevard.com\/it\/festival\/12a-edizione-del-baff\/","title":{"rendered":"12A Edizione del Baff"},"content":{"rendered":"<p><strong>B.A. FILM FESTIVAL\u00a0<\/strong><\/p>\n<p>XII edizione<!--more--><\/p>\n<p><strong>Busto Arsizio<\/strong>,\u00a0<strong>29 marzo \u2013 5 aprile 2014<\/strong><\/p>\n<p><em>SABATO 29 E DOMENICA 30<\/em><\/p>\n<p><em>AL VIA LA XXII EDIZIONE DEL B.A.F.F.<\/em><\/p>\n<p><em>LUNEDI\u2019 31 FRANCESCO DE GREGORI\u00a0<\/em><\/p>\n<p><em>COMMENTA \u201cLIVE\u201d ROSMARY\u2019S BABY di ROMAN POLANSKI<\/em><\/p>\n<p>Giunto alla dodicesima edizione, da quest\u2019anno con la direzione artistica di Stefano Della Casa, il B.A. Film Festival apre sabato 29 marzo (ore 21.00 Cinema Sociale di Busto Arsizio) con una serata dedicata ad un grande protagonista del cinema italiano,\u00a0<strong>Ferzan Ozpetek<\/strong>. Il regista sar\u00e0 in sala per un dialogo con il pubblico in occasione della proiezione del suo ultimo lavoro\u00a0<strong><em>Allacciate le cinture.<\/em><\/strong><\/p>\n<p>Domenica 30 marzo alle ore 16.00 presso lo Spazio festival di Busto Arsizio, prende il via la sezione Giornate del cinema di animazione con un ospite d\u2019eccezione,\u00a0<strong>Enzo d\u2019Al\u00f2<\/strong>. L\u2019autore proclamer\u00e0 il vincitore del concorso, ispirato allo slogan \u201cNon di solo pane\u201d e rivolto alle scuole primarie, e introdurr\u00e0 la proiezione\u00a0 dello speciale TV di 22\u2019<strong>\u00a0<em>Pip\u00ec, Pup\u00f9 e Rosmarina e Il Flauto Magico<\/em><\/strong>. Sceneggiata da Vincenzo Cerami, con disegni di AnnaLaura Cantone e musiche di Daniele Di Gregorio, la serie narra le vicende di Pip\u00ec (orsetto lavatore), Pup\u00f9 (uccellino) e Rosmarina (coniglietto), tre cuccioli alla ricerca del Map\u00e0: un po\u2019 mamma e un po\u2019 pap\u00e0. La ricerca di Map\u00e0 diviene oggetto di una cosmogonia surreale che coinvolge tutti i personaggi che vengono a contatto con i tre cuccioli. Nel loro cammino attraverso il mondo, tra foreste, mari e montagne, conoscono nuovi amici e vivono incredibili avventure accompagnati da un simpatico e bizzarro narratore che ha la voce di Giancarlo Giannini. Il pomeriggio dedicato ai bambini proseguir\u00e0 con un\u00a0<strong>laboratorio creativo con l\u2019artista AnnaLaura Cantone<\/strong>, dal titolo \u201cDisegna sulle ali della Fantasia\u201d. L\u2019evento sar\u00e0 coordinato e presentato dall\u2019autrice e produttrice\u00a0<strong>Maricla Affatato<\/strong>.<\/p>\n<p>Ancora domenica, alle ore 21.00,\u00a0<strong>Elisabetta Sgarbi<\/strong>\u00a0annuncer\u00e0 il suo impegno nei confronti del B.A. Film Festival accettando la carica di presidente per la prossima edizione. Presenter\u00e0 inoltre il suo film\u00a0<strong><em>Racconti d\u2019amore<\/em><\/strong>. Ideale seguito di \u201cNotte senza fine\u201d del 2005 ispirata ai temi dell\u2019amore, del tradimento e dell\u2019incesto dai racconti dei tre scrittori best seller Tahar Ben Jelloun, Amin Maalouf e Hanif Kureishi, anche in questo caso si tratta di quattro differenti storie d\u2019amore.<\/p>\n<p>Serata evento luned\u00ec 31 marzo con il primo appuntamento della sezione<strong>Made in Italy \u2013 La memoria del cinema:\u00a0<\/strong>per Il Cinema alla Radio, alle ore 20.45, al Cinema Sociale di Busto Arsizio, il cantautore e grande appassionato di cinema\u00a0<strong>Francesco De Gregori<\/strong>, commenter\u00e0 \u201clive\u201d il suo film del cuore,\u00a0<em>Rosmary\u2019s Baby<\/em>\u00a0di Roman Polanski<\/p>\n<div><strong>PROGRAMMA\u00a0<\/strong><\/div>\n<div><\/div>\n<div>\n<p><strong>SABATO 29 MARZO<\/strong><\/p>\n<p>17,30 Galleria Boragno Busto Arsizio<\/p>\n<p><strong>Verso Expo2015<\/strong><\/p>\n<p>Inaugurazione mostra<\/p>\n<p>\u201cUna terra da oscar tra saperi e sapori \u2013 vini e libri d\u2019artista\u201d (edizioni il filodipartenope \u2013 Napoli)<\/p>\n<p>21,00 Cinema Sociale Busto Arsizio \u2013\u00a0<em>Apertura festival \u2013<\/em><\/p>\n<p><strong>Incontro<\/strong>\u00a0con il regista Ferzan Ozpetek<\/p>\n<p>Proiezione del film\u00a0<strong><em>Allacciate le cinture<\/em><\/strong><\/p>\n<p><strong>DOMENICA 30 MARZO<\/strong><\/p>\n<p>16,00 Spazio Festival Busto Arsizio<\/p>\n<p><strong>Giornate del cinema di animazione<\/strong><\/p>\n<p><strong>Incontro<\/strong>\u00a0con Enzo D\u2019al\u00f2 e Maricla Affatato<\/p>\n<p>Anteprima dello speciale\u00a0<strong><em>Pip\u00ec, Pup\u00f9 e Rosmarina e il flauto magico<\/em><\/strong><\/p>\n<p><strong>Laboratorio<\/strong>\u00a0di cinema d\u2019animazione con Anna Laura Cantone<\/p>\n<p>17,00 Spazio Festival Busto Arsizio<\/p>\n<p><strong>Effetto cinema<\/strong><\/p>\n<p>Doc\u00a0<strong><em>Io e Liz<\/em><\/strong>\u00a0di Renato Pugina<\/p>\n<p>18,00 spazio Festival Busto Arsizio<\/p>\n<p><strong>Avvistamenti<\/strong><\/p>\n<p>Progetto Doc\u00a0<strong><em>Alfredo Ildefonso Shuster \u2013 il vivo ricordo a 60 anni dalla morte<\/em><\/strong><\/p>\n<p>21,00 Cinema Sociale Busto Arsizio<\/p>\n<p><strong>Incontro<\/strong>\u00a0con la regista Elisabetta Sgarbi<\/p>\n<p>Proiezione del film\u00a0<strong><em>Racconti D\u2019amore<\/em><\/strong><\/p>\n<p>23,00 Enobene Busto Arsizio<\/p>\n<p>Dopofestival<\/p>\n<p><strong>LUNEDI\u2019 31<\/strong>\u00a0<strong>MARZO<\/strong><\/p>\n<p>18,00 Spazio Festival Busto Arsizio<\/p>\n<p><strong>Avvistamenti<\/strong><\/p>\n<p>Doc\u00a0<em>Il folle sogno di un mondo impossibile\u00a0<\/em>\u00a0di\u00a0 Mauro Cozza e Valentina Ferrari (prodotto da comunit\u00e0 casa alloggio La Sorgente)<\/p>\n<p>20.45 Cinema Sociale\u00a0 Busto Arsizio<\/p>\n<p><strong>Made in Italy \u2013 La memoria del Cinema<\/strong><\/p>\n<p>Il Cinema alla Radio<\/p>\n<p><strong>Francesco De Gregori<\/strong>\u00a0racconta\u00a0<strong><em>Rosemary\u2019s Baby<\/em><\/strong>\u00a0di Roman Polansky<\/p>\n<p>21.00 Cinema Nuovo Castiglione Olona<\/p>\n<p><strong>Giornate del Cinema d\u2019Animazione<\/strong><\/p>\n<p><strong>Incontro\u00a0<\/strong>con Edo Natoli (proiezione\u00a0<em>Secchi<\/em>\u00a0narrato da Pierfrancesco Favino) e Mario Addis (proiezione\u00a0<em>Robin Hood<\/em>\u00a0raccontato da Veronica Pivetti)<\/p>\n<p>21,30 Cinema Dante\u00a0 Castellanza<\/p>\n<p><strong>Made in Italy \u2013 Fiction<\/strong><\/p>\n<p><em>Una villa per due\u00a0<\/em>di Fabrizio Costa<\/p>\n<p>23,00 Enobene Busto Arsizio<\/p>\n<p>Dopofestival<\/p>\n<\/div>\n","protected":false},"excerpt":{"rendered":"<p>B.A. FILM FESTIVAL\u00a0 XII edizione<\/p>\n","protected":false},"author":4,"featured_media":1646,"comment_status":"open","ping_status":"closed","sticky":false,"template":"","format":"standard","meta":{"om_disable_all_campaigns":false,"_monsterinsights_skip_tracking":false,"_monsterinsights_sitenote_active":false,"_monsterinsights_sitenote_note":"","_monsterinsights_sitenote_category":0,"_lmt_disableupdate":"","_lmt_disable":"","footnotes":""},"categories":[1],"tags":[],"class_list":["post-1645","post","type-post","status-publish","format-standard","has-post-thumbnail","hentry","category-festival"],"aioseo_notices":[],"_links":{"self":[{"href":"https:\/\/www.cineramaboulevard.com\/it\/wp-json\/wp\/v2\/posts\/1645","targetHints":{"allow":["GET"]}}],"collection":[{"href":"https:\/\/www.cineramaboulevard.com\/it\/wp-json\/wp\/v2\/posts"}],"about":[{"href":"https:\/\/www.cineramaboulevard.com\/it\/wp-json\/wp\/v2\/types\/post"}],"author":[{"embeddable":true,"href":"https:\/\/www.cineramaboulevard.com\/it\/wp-json\/wp\/v2\/users\/4"}],"replies":[{"embeddable":true,"href":"https:\/\/www.cineramaboulevard.com\/it\/wp-json\/wp\/v2\/comments?post=1645"}],"version-history":[{"count":2,"href":"https:\/\/www.cineramaboulevard.com\/it\/wp-json\/wp\/v2\/posts\/1645\/revisions"}],"predecessor-version":[{"id":2389,"href":"https:\/\/www.cineramaboulevard.com\/it\/wp-json\/wp\/v2\/posts\/1645\/revisions\/2389"}],"wp:featuredmedia":[{"embeddable":true,"href":"https:\/\/www.cineramaboulevard.com\/it\/wp-json\/wp\/v2\/media\/1646"}],"wp:attachment":[{"href":"https:\/\/www.cineramaboulevard.com\/it\/wp-json\/wp\/v2\/media?parent=1645"}],"wp:term":[{"taxonomy":"category","embeddable":true,"href":"https:\/\/www.cineramaboulevard.com\/it\/wp-json\/wp\/v2\/categories?post=1645"},{"taxonomy":"post_tag","embeddable":true,"href":"https:\/\/www.cineramaboulevard.com\/it\/wp-json\/wp\/v2\/tags?post=1645"}],"curies":[{"name":"wp","href":"https:\/\/api.w.org\/{rel}","templated":true}]}}